{"id":311,"date":"2020-08-03T09:22:00","date_gmt":"2020-08-03T09:22:00","guid":{"rendered":"https:\/\/angeln-lenne.de\/?p=311"},"modified":"2021-03-19T09:25:50","modified_gmt":"2021-03-19T09:25:50","slug":"nachruf-manfred-plechatsch","status":"publish","type":"post","link":"https:\/\/angeln-lenne.de\/?p=311","title":{"rendered":"Nachruf Manfred Plechatsch"},"content":{"rendered":"\n<p>Die &#8222;Angelfreunde Lenne Hohenlimburg e.V.&#8220; m\u00fcssen Abschied nehmen von ihrem verdienten Vereinsmitglied Manfred Plechatsch.<\/p>\n\n\n\n<figure class=\"wp-block-image size-large\"><img data-recalc-dims=\"1\" loading=\"lazy\" decoding=\"async\" width=\"477\" height=\"717\" src=\"https:\/\/i0.wp.com\/angeln-lenne.de\/wp-content\/uploads\/2021\/03\/Manfred_Plechatsch.jpg?resize=477%2C717&#038;ssl=1\" alt=\"\" class=\"wp-image-312\" srcset=\"https:\/\/i0.wp.com\/angeln-lenne.de\/wp-content\/uploads\/2021\/03\/Manfred_Plechatsch.jpg?w=477&amp;ssl=1 477w, https:\/\/i0.wp.com\/angeln-lenne.de\/wp-content\/uploads\/2021\/03\/Manfred_Plechatsch.jpg?resize=200%2C300&amp;ssl=1 200w\" sizes=\"auto, (max-width: 477px) 100vw, 477px\" \/><\/figure>\n\n\n\n<p>Coronabedingt haben wir jetzt erst davon Kenntnis erhalten, dass unser Angelfreund Manfred Plechatsch am 27.04.2020 verstorben ist.<\/p>\n\n\n\n<p>Manni geh\u00f6rte zu den Urgesteinen unseres Vereines. Ich kann mich an keine Veranstaltung erinnern, bei der er nicht anwesend gewesen ist. Auf Grund seiner langj\u00e4hrigen T\u00e4tigkeit im Vorstand als zweiter Schriftf\u00fchrer sind wir ihm zu gro\u00dfer Dankbarkeit verpflichtet. Seine Erz\u00e4hlungen \u00fcber seine T\u00e4tigkeit als Lokomotivf\u00fchrer werden uns fehlen.<\/p>\n\n\n\n<p>Sein Andenken in Ehren zu halten, ist unsere Verpflichtung.<\/p>\n\n\n\n<p>F\u00fcr die Mitglieder und den Vorstand der Angelfreunde Lenne-Hohenlimburg e.V.<\/p>\n\n\n\n<p>Bernd Neugebauer<\/p>\n","protected":false},"excerpt":{"rendered":"<p>Die &#8222;Angelfreunde Lenne Hohenlimburg e.V.&#8220; m\u00fcssen Abschied nehmen von ihrem verdienten Vereinsmitglied Manfred Plechatsch. Coronabedingt haben wir jetzt erst davon&hellip;<\/p>\n","protected":false},"author":1,"featured_media":0,"comment_status":"closed","ping_status":"closed","sticky":false,"template":"","format":"standard","meta":{"_jetpack_memberships_contains_paid_content":false,"footnotes":""},"categories":[10],"tags":[],"class_list":["post-311","post","type-post","status-publish","format-standard","hentry","category-nachrufe"],"jetpack_featured_media_url":"","jetpack-related-posts":[],"jetpack_sharing_enabled":true,"_links":{"self":[{"href":"https:\/\/angeln-lenne.de\/index.php?rest_route=\/wp\/v2\/posts\/311","targetHints":{"allow":["GET"]}}],"collection":[{"href":"https:\/\/angeln-lenne.de\/index.php?rest_route=\/wp\/v2\/posts"}],"about":[{"href":"https:\/\/angeln-lenne.de\/index.php?rest_route=\/wp\/v2\/types\/post"}],"author":[{"embeddable":true,"href":"https:\/\/angeln-lenne.de\/index.php?rest_route=\/wp\/v2\/users\/1"}],"replies":[{"embeddable":true,"href":"https:\/\/angeln-lenne.de\/index.php?rest_route=%2Fwp%2Fv2%2Fcomments&post=311"}],"version-history":[{"count":1,"href":"https:\/\/angeln-lenne.de\/index.php?rest_route=\/wp\/v2\/posts\/311\/revisions"}],"predecessor-version":[{"id":313,"href":"https:\/\/angeln-lenne.de\/index.php?rest_route=\/wp\/v2\/posts\/311\/revisions\/313"}],"wp:attachment":[{"href":"https:\/\/angeln-lenne.de\/index.php?rest_route=%2Fwp%2Fv2%2Fmedia&parent=311"}],"wp:term":[{"taxonomy":"category","embeddable":true,"href":"https:\/\/angeln-lenne.de\/index.php?rest_route=%2Fwp%2Fv2%2Fcategories&post=311"},{"taxonomy":"post_tag","embeddable":true,"href":"https:\/\/angeln-lenne.de\/index.php?rest_route=%2Fwp%2Fv2%2Ftags&post=311"}],"curies":[{"name":"wp","href":"https:\/\/api.w.org\/{rel}","templated":true}]}}