{"id":648,"date":"2021-08-31T06:27:09","date_gmt":"2021-08-31T06:27:09","guid":{"rendered":"https:\/\/angeln-lenne.de\/?p=648"},"modified":"2021-08-31T06:27:11","modified_gmt":"2021-08-31T06:27:11","slug":"einladung-zur-jahreshauptversammlung-der-angelfreunde-lenne-hohenlimburg-2021","status":"publish","type":"post","link":"https:\/\/angeln-lenne.de\/?p=648","title":{"rendered":"Einladung zur Jahreshauptversammlung der Angelfreunde Lenne-Hohenlimburg 2021"},"content":{"rendered":"\n<figure class=\"wp-block-image size-large is-resized\"><img data-recalc-dims=\"1\" loading=\"lazy\" decoding=\"async\" src=\"https:\/\/i0.wp.com\/angeln-lenne.de\/wp-content\/uploads\/2021\/08\/AF-Lenne-JHV-1.jpg?resize=657%2C929&#038;ssl=1\" alt=\"\" class=\"wp-image-652\" width=\"657\" height=\"929\" srcset=\"https:\/\/i0.wp.com\/angeln-lenne.de\/wp-content\/uploads\/2021\/08\/AF-Lenne-JHV-1-scaled.jpg?resize=724%2C1024&amp;ssl=1 724w, https:\/\/i0.wp.com\/angeln-lenne.de\/wp-content\/uploads\/2021\/08\/AF-Lenne-JHV-1-scaled.jpg?resize=212%2C300&amp;ssl=1 212w, https:\/\/i0.wp.com\/angeln-lenne.de\/wp-content\/uploads\/2021\/08\/AF-Lenne-JHV-1-scaled.jpg?resize=768%2C1086&amp;ssl=1 768w, https:\/\/i0.wp.com\/angeln-lenne.de\/wp-content\/uploads\/2021\/08\/AF-Lenne-JHV-1-scaled.jpg?resize=1086%2C1536&amp;ssl=1 1086w, https:\/\/i0.wp.com\/angeln-lenne.de\/wp-content\/uploads\/2021\/08\/AF-Lenne-JHV-1-scaled.jpg?resize=1448%2C2048&amp;ssl=1 1448w, https:\/\/i0.wp.com\/angeln-lenne.de\/wp-content\/uploads\/2021\/08\/AF-Lenne-JHV-1-scaled.jpg?resize=1600%2C2262&amp;ssl=1 1600w, https:\/\/i0.wp.com\/angeln-lenne.de\/wp-content\/uploads\/2021\/08\/AF-Lenne-JHV-1-scaled.jpg?w=1811&amp;ssl=1 1811w, https:\/\/i0.wp.com\/angeln-lenne.de\/wp-content\/uploads\/2021\/08\/AF-Lenne-JHV-1-scaled.jpg?w=1376&amp;ssl=1 1376w\" sizes=\"auto, (max-width: 657px) 100vw, 657px\" \/><\/figure>\n\n\n\n<p><strong>Tagesordnung<\/strong><\/p>\n\n\n\n<ol class=\"wp-block-list\" type=\"1\"><li>Begr\u00fc\u00dfung durch den 1. Vorsitzenden<\/li><li>Totenehrung<\/li><li>Feststellung der ordnungsgem\u00e4\u00dfen Einladung und der Stimmrechte<\/li><li>Genehmigung der Tagesordnung<\/li><li>Genehmigung des Protokolls der letzten Hauptversammlung<\/li><li>Bericht des 1. Vorsitzenden<\/li><li>Kassenbericht<\/li><li>Bericht der Kassenpr\u00fcfer<\/li><li>Entlastung des Vorstandes<\/li><li>Nachwahlen \/ Best\u00e4tigung von kommisarischen Vorstandsmitglieder ( 2. Vorsitzender, Schriftf\u00fchrer, Beir\u00e4te)<\/li><li>Beitragsanpassung durch Einf\u00fchrung eines verpflichtenden Arbeitsdienstes<\/li><li>Haushaltsplan 2021\/2022<\/li><li>Veranstaltungen<\/li><li>Verschiedenes<\/li><\/ol>\n\n\n\n<p>Antr\u00e4ge zum Punkt \u201eVerschiedenes\u201c \u00fcber die eine Abstimmung herbei gef\u00fchrt werden soll, sind bis zum 05.09.2021 an den 1. Vorsitzenden schriftlich einzureichen.<\/p>\n\n\n\n<p>Wir hoffen und freuen uns auf ein zahlreiches Erscheinen!<\/p>\n\n\n\n<p>Euer Vorstandsteam <\/p>\n","protected":false},"excerpt":{"rendered":"<p>Tagesordnung Begr\u00fc\u00dfung durch den 1. Vorsitzenden Totenehrung Feststellung der ordnungsgem\u00e4\u00dfen Einladung und der Stimmrechte Genehmigung der Tagesordnung Genehmigung des Protokolls&hellip;<\/p>\n","protected":false},"author":3,"featured_media":0,"comment_status":"closed","ping_status":"closed","sticky":false,"template":"","format":"standard","meta":{"_jetpack_memberships_contains_paid_content":false,"footnotes":""},"categories":[9],"tags":[],"class_list":["post-648","post","type-post","status-publish","format-standard","hentry","category-veranstaltungen"],"jetpack_featured_media_url":"","jetpack-related-posts":[],"jetpack_sharing_enabled":true,"_links":{"self":[{"href":"https:\/\/angeln-lenne.de\/index.php?rest_route=\/wp\/v2\/posts\/648","targetHints":{"allow":["GET"]}}],"collection":[{"href":"https:\/\/angeln-lenne.de\/index.php?rest_route=\/wp\/v2\/posts"}],"about":[{"href":"https:\/\/angeln-lenne.de\/index.php?rest_route=\/wp\/v2\/types\/post"}],"author":[{"embeddable":true,"href":"https:\/\/angeln-lenne.de\/index.php?rest_route=\/wp\/v2\/users\/3"}],"replies":[{"embeddable":true,"href":"https:\/\/angeln-lenne.de\/index.php?rest_route=%2Fwp%2Fv2%2Fcomments&post=648"}],"version-history":[{"count":2,"href":"https:\/\/angeln-lenne.de\/index.php?rest_route=\/wp\/v2\/posts\/648\/revisions"}],"predecessor-version":[{"id":654,"href":"https:\/\/angeln-lenne.de\/index.php?rest_route=\/wp\/v2\/posts\/648\/revisions\/654"}],"wp:attachment":[{"href":"https:\/\/angeln-lenne.de\/index.php?rest_route=%2Fwp%2Fv2%2Fmedia&parent=648"}],"wp:term":[{"taxonomy":"category","embeddable":true,"href":"https:\/\/angeln-lenne.de\/index.php?rest_route=%2Fwp%2Fv2%2Fcategories&post=648"},{"taxonomy":"post_tag","embeddable":true,"href":"https:\/\/angeln-lenne.de\/index.php?rest_route=%2Fwp%2Fv2%2Ftags&post=648"}],"curies":[{"name":"wp","href":"https:\/\/api.w.org\/{rel}","templated":true}]}}