{"id":921,"date":"2024-08-19T16:50:29","date_gmt":"2024-08-19T16:50:29","guid":{"rendered":"https:\/\/angeln-lenne.de\/?p=921"},"modified":"2025-10-18T15:59:11","modified_gmt":"2025-10-18T15:59:11","slug":"nachruf-bernd-phillipp","status":"publish","type":"post","link":"https:\/\/angeln-lenne.de\/?p=921","title":{"rendered":"Nachruf Bernd Phillipp"},"content":{"rendered":"\n<figure class=\"wp-block-image size-full\"><img data-recalc-dims=\"1\" loading=\"lazy\" decoding=\"async\" width=\"300\" height=\"359\" src=\"https:\/\/i0.wp.com\/angeln-lenne.de\/wp-content\/uploads\/2024\/08\/Bernd-Philipp.png?resize=300%2C359&#038;ssl=1\" alt=\"\" class=\"wp-image-922\" srcset=\"https:\/\/i0.wp.com\/angeln-lenne.de\/wp-content\/uploads\/2024\/08\/Bernd-Philipp.png?w=300&amp;ssl=1 300w, https:\/\/i0.wp.com\/angeln-lenne.de\/wp-content\/uploads\/2024\/08\/Bernd-Philipp.png?resize=251%2C300&amp;ssl=1 251w\" sizes=\"auto, (max-width: 300px) 100vw, 300px\" \/><\/figure>\n\n\n\n<p>Die Angelfreunde Lenne Hohenlimburg e.V. m\u00fcssen Abschied nehmen von ihrem langj\u00e4hrigem Schriftf\u00fchrer und Ehrenmitglied <strong>Bernd Philipp<\/strong>.<\/p>\n\n\n\n<p>Der am 02. August 2024 f\u00fcr immer von uns gegangen ist.                                            Schon zur Zeiten der &#8222;Interessengemeinschaft der Hohenlimburger Angelvereine&#8220; war Bernd als Schriftf\u00fchrer in verantwortungsvoller Position f\u00fcr unsere Mitglieder t\u00e4tig. Auch nach dem Zusammenschluss aller Angelvereine in Hohenlimburg arbeitete er mehr als 20 Jahre in dieser Funktion ehrenamtlich weiter. <\/p>\n\n\n\n<p>Wir haben Bernd Philipp viel zu verdanken, sein gro\u00dfes Engagement f\u00fcr unseren Verein sei uns allen ein Vorbild. Wir werden ihn nicht vergessen.<\/p>\n\n\n\n<p>Im Namen des Vorstand und der Mitglieder der Angelfreunde Lenne Hohenlimburg e. V.<\/p>\n\n\n\n<p>Benjamin Klar, 1. Vorsitzender<\/p>\n","protected":false},"excerpt":{"rendered":"<p>Die Angelfreunde Lenne Hohenlimburg e.V. m\u00fcssen Abschied nehmen von ihrem langj\u00e4hrigem Schriftf\u00fchrer und Ehrenmitglied Bernd Philipp. Der am 02. August&hellip;<\/p>\n","protected":false},"author":3,"featured_media":0,"comment_status":"closed","ping_status":"closed","sticky":false,"template":"","format":"standard","meta":{"_jetpack_memberships_contains_paid_content":false,"footnotes":""},"categories":[10],"tags":[],"class_list":["post-921","post","type-post","status-publish","format-standard","hentry","category-nachrufe"],"jetpack_featured_media_url":"","jetpack-related-posts":[],"jetpack_sharing_enabled":true,"_links":{"self":[{"href":"https:\/\/angeln-lenne.de\/index.php?rest_route=\/wp\/v2\/posts\/921","targetHints":{"allow":["GET"]}}],"collection":[{"href":"https:\/\/angeln-lenne.de\/index.php?rest_route=\/wp\/v2\/posts"}],"about":[{"href":"https:\/\/angeln-lenne.de\/index.php?rest_route=\/wp\/v2\/types\/post"}],"author":[{"embeddable":true,"href":"https:\/\/angeln-lenne.de\/index.php?rest_route=\/wp\/v2\/users\/3"}],"replies":[{"embeddable":true,"href":"https:\/\/angeln-lenne.de\/index.php?rest_route=%2Fwp%2Fv2%2Fcomments&post=921"}],"version-history":[{"count":1,"href":"https:\/\/angeln-lenne.de\/index.php?rest_route=\/wp\/v2\/posts\/921\/revisions"}],"predecessor-version":[{"id":923,"href":"https:\/\/angeln-lenne.de\/index.php?rest_route=\/wp\/v2\/posts\/921\/revisions\/923"}],"wp:attachment":[{"href":"https:\/\/angeln-lenne.de\/index.php?rest_route=%2Fwp%2Fv2%2Fmedia&parent=921"}],"wp:term":[{"taxonomy":"category","embeddable":true,"href":"https:\/\/angeln-lenne.de\/index.php?rest_route=%2Fwp%2Fv2%2Fcategories&post=921"},{"taxonomy":"post_tag","embeddable":true,"href":"https:\/\/angeln-lenne.de\/index.php?rest_route=%2Fwp%2Fv2%2Ftags&post=921"}],"curies":[{"name":"wp","href":"https:\/\/api.w.org\/{rel}","templated":true}]}}